{"id":2607,"date":"2024-02-07T12:08:35","date_gmt":"2024-02-07T15:08:35","guid":{"rendered":"https:\/\/eluxfrio.com.br\/sao-paulo\/?p=2607"},"modified":"2025-09-15T20:44:56","modified_gmt":"2025-09-15T23:44:56","slug":"conserto-de-micro-ondas-zona-sul-e-zona-norte-de-sp-eluxfrio-te-ajuda","status":"publish","type":"post","link":"https:\/\/eluxfrio.com.br\/sao-paulo\/conserto-de-micro-ondas-zona-sul-e-zona-norte-de-sp-eluxfrio-te-ajuda\/","title":{"rendered":"Conserto de micro-ondas zona sul e zona norte de SP: Eluxfrio te ajuda!"},"content":{"rendered":"<p>Seu micro-ondas n\u00e3o esquenta? Ou liga, mas n\u00e3o funciona direito? A<strong> Eluxfrio<\/strong> \u00e9 a solu\u00e7\u00e3o para o conserto r\u00e1pido e confi\u00e1vel do seu aparelho, na <strong>Zona Sul e Zona Norte de S\u00e3o Paulo<\/strong>. Somos especializados em <a href=\"https:\/\/eluxfrio.com.br\/sao-paulo\/conserto-de-microondas\/\"><strong>assist\u00eancia t\u00e9cnica de micro-ondas<\/strong><\/a> de diversas marcas e modelos, com t\u00e9cnicos experientes e qualificados, pe\u00e7as originais e garantia. Estamos aqui para solucionar qualquer problema.<\/p>\n<h2 style=\"text-align: center;\"><strong>Seu Microondas te deixou na m\u00e3o? Calma, nem sempre \u00e9 motivo para p\u00e2nico!<\/strong><\/h2>\n<p>Conhe\u00e7a os problemas mais comuns em aparelhos micro-ondas, veja como geralmente existem solu\u00e7\u00f5es simples para esse problema:<\/p>\n<h3><strong>1. Micro-ondas n\u00e3o liga:<\/strong><\/h3>\n<p><strong>Cabo de for\u00e7a:<\/strong> verifique se est\u00e1 conectado \u00e0 tomada e se n\u00e3o est\u00e1 danificado.<br \/>\n<strong>Fus\u00edvel:<\/strong> troque o fus\u00edvel queimado por um novo da mesma amperagem.<br \/>\n<strong>Porta:<\/strong> certifique-se de que est\u00e1 bem fechada.<br \/>\n<strong>Interruptor:<\/strong> se estiver com defeito, precisar\u00e1 ser substitu\u00eddo.<\/p>\n<h3><strong>2. Micro-ondas liga, mas n\u00e3o esquenta:<\/strong><\/h3>\n<p><strong>Magnetron:<\/strong> \u00e9 a pe\u00e7a respons\u00e1vel por gerar o calor, e pode estar com defeito.<br \/>\n<strong>Diodo de alta tens\u00e3o:<\/strong> se estiver queimado, impede o funcionamento do magnetron.<br \/>\n<strong>Capacitor:<\/strong> armazena energia para o magnetron, e se estiver com defeito, pode causar problemas no aquecimento.<br \/>\n<strong>Transformador:<\/strong> converte a energia para o magnetron, e se estiver com defeito, pode afetar o aquecimento.<\/p>\n<h3><strong>3. Micro-ondas faz barulho estranho:<\/strong><\/h3>\n<p><strong>Motor do prato girat\u00f3rio:<\/strong> pode estar com defeito, necessitando de lubrifica\u00e7\u00e3o ou troca.<br \/>\n<strong>Ventilador:<\/strong> pode estar sujo ou com defeito, causando ru\u00eddo excessivo.<br \/>\n<strong>Magnetron:<\/strong> em alguns casos, pode gerar ru\u00eddos anormais quando est\u00e1 com defeito.<\/p>\n<h3><strong>4. Micro-ondas com fa\u00edsca:<\/strong><\/h3>\n<p><strong>Guia de ondas:<\/strong> pode estar danificado, causando a forma\u00e7\u00e3o de fa\u00edscas.<br \/>\n<strong>Mica:<\/strong> protege o guia de ondas e pode estar danificada, gerando fa\u00edscas.<br \/>\n<strong>Magnetron:<\/strong> em casos raros, pode gerar fa\u00edscas quando est\u00e1 com defeito.<\/p>\n<h3><strong>5. Micro-ondas com cheiro de queimado:<\/strong><\/h3>\n<p><strong>Isolamento do cabo de for\u00e7a:<\/strong> pode estar danificado, causando o cheiro de queimado.<br \/>\n<strong>Capacitor:<\/strong> se estiver com defeito, pode superaquecer e gerar cheiro de queimado.<br \/>\n<strong>Magnetron:<\/strong> em casos raros, pode superaquecer e gerar cheiro de queimado.<\/p>\n<h2 style=\"text-align: center;\"><strong>Veja algumas dicas para evitar esses tipos de problemas<\/strong><\/h2>\n<ul>\n<li>Leia o manual do usu\u00e1rio para instru\u00e7\u00f5es espec\u00edficas do seu modelo.<\/li>\n<li>Mantenha o Micro-ondas limpo, livre de gordura e respingos de alimentos.<\/li>\n<li>Utilize apenas recipientes pr\u00f3prios para Micro-ondas.<\/li>\n<li>Evite colocar objetos met\u00e1licos dentro do Micro-ondas.<\/li>\n<li>N\u00e3o utilize o Microondas se estiver danificado.<\/li>\n<\/ul>\n<h2 style=\"text-align: center;\"><strong>Conserto de micro-ondas r\u00e1pido e confi\u00e1vel<\/strong><\/h2>\n<p>Se o seu micro-ondas apresentar algum problema, n\u00e3o tente consert\u00e1-lo sozinho. Procure um t\u00e9cnico qualificado ou uma <a href=\"https:\/\/eluxfrio.com.br\/sao-paulo\/assistencia-tecnica-sp\/\"><strong>assist\u00eancia t\u00e9cnica<\/strong><\/a>. Caso tente consertar o seu microondas sozinho, voc\u00ea pode piorar a situa\u00e7\u00e3o dele.<\/p>\n<p>A Eluxfrio \u00e9 uma empresa especializada em <strong>conserto de micro-ondas<\/strong> de diversas marcas e modelos, das mais famosas como: <strong><a href=\"https:\/\/eluxfrio.com.br\/sao-paulo\/assistencia-tecnica-electrolux\/\">Electrolux<\/a><\/strong>, <strong><a href=\"https:\/\/eluxfrio.com.br\/sao-paulo\/assistencia-tecnica-brastemp\/\">Brastemp<\/a><\/strong>, <strong><a href=\"https:\/\/eluxfrio.com.br\/sao-paulo\/assistencia-tecnica-consul\/\">Consul<\/a><\/strong>, <a href=\"https:\/\/eluxfrio.com.br\/sao-paulo\/assistencia-tecnica-lg\/\"><strong>LG<\/strong><\/a>, <strong>Midea<\/strong>, <strong>Philco<\/strong>, entre outras. Oferecemos <strong>garantia de 90 dias<\/strong> para os servi\u00e7os prestados, <strong>pe\u00e7as originais<\/strong>, t\u00e9cnicos experientes e conserto r\u00e1pido e eficiente.<\/p>\n<p>N\u00e3o deixe seu micro-ondas parado!<\/p>\n<p><a href=\"https:\/\/api.whatsapp.com\/send?phone=551127701103&amp;text=Preciso%20de%20uma%20Assist%C3%AAncia%20T%C3%A9cnica%20para%20o%20meu%20Eletrodom%C3%A9stico...\" target=\"_blank\" rel=\"noopener\"><strong>Entre em contato para agendar o conserto do seu Micro-ondas<\/strong>.<\/a><\/p>\n","protected":false},"excerpt":{"rendered":"<p>Seu micro-ondas n\u00e3o esquenta? Ou liga, mas n\u00e3o funciona direito? A Eluxfrio \u00e9 a solu\u00e7\u00e3o para o conserto r\u00e1pido e confi\u00e1vel do seu aparelho, na Zona Sul e Zona Norte de S\u00e3o Paulo. Somos especializados em assist\u00eancia t\u00e9cnica de micro-ondas de diversas marcas e modelos, com t\u00e9cnicos experientes e qualificados, pe\u00e7as originais e garantia. Estamos [&hellip;]<\/p>\n","protected":false},"author":1,"featured_media":2611,"comment_status":"open","ping_status":"open","sticky":false,"template":"","format":"standard","meta":[],"categories":[53],"tags":[],"yst_prominent_words":[],"_links":{"self":[{"href":"https:\/\/eluxfrio.com.br\/sao-paulo\/wp-json\/wp\/v2\/posts\/2607"}],"collection":[{"href":"https:\/\/eluxfrio.com.br\/sao-paulo\/wp-json\/wp\/v2\/posts"}],"about":[{"href":"https:\/\/eluxfrio.com.br\/sao-paulo\/wp-json\/wp\/v2\/types\/post"}],"author":[{"embeddable":true,"href":"https:\/\/eluxfrio.com.br\/sao-paulo\/wp-json\/wp\/v2\/users\/1"}],"replies":[{"embeddable":true,"href":"https:\/\/eluxfrio.com.br\/sao-paulo\/wp-json\/wp\/v2\/comments?post=2607"}],"version-history":[{"count":0,"href":"https:\/\/eluxfrio.com.br\/sao-paulo\/wp-json\/wp\/v2\/posts\/2607\/revisions"}],"wp:featuredmedia":[{"embeddable":true,"href":"https:\/\/eluxfrio.com.br\/sao-paulo\/wp-json\/wp\/v2\/media\/2611"}],"wp:attachment":[{"href":"https:\/\/eluxfrio.com.br\/sao-paulo\/wp-json\/wp\/v2\/media?parent=2607"}],"wp:term":[{"taxonomy":"category","embeddable":true,"href":"https:\/\/eluxfrio.com.br\/sao-paulo\/wp-json\/wp\/v2\/categories?post=2607"},{"taxonomy":"post_tag","embeddable":true,"href":"https:\/\/eluxfrio.com.br\/sao-paulo\/wp-json\/wp\/v2\/tags?post=2607"},{"taxonomy":"yst_prominent_words","embeddable":true,"href":"https:\/\/eluxfrio.com.br\/sao-paulo\/wp-json\/wp\/v2\/yst_prominent_words?post=2607"}],"curies":[{"name":"wp","href":"https:\/\/api.w.org\/{rel}","templated":true}]}}