{"id":4378,"date":"2025-07-16T10:33:56","date_gmt":"2025-07-16T13:33:56","guid":{"rendered":"https:\/\/eluxfrio.com.br\/sao-paulo\/?p=4378"},"modified":"2025-09-15T17:22:53","modified_gmt":"2025-09-15T20:22:53","slug":"meu-micro-ondas-o-prato-gira-mas-nao-esquenta","status":"publish","type":"post","link":"https:\/\/eluxfrio.com.br\/sao-paulo\/meu-micro-ondas-o-prato-gira-mas-nao-esquenta\/","title":{"rendered":"Meu micro-ondas o prato gira, mas n\u00e3o esquenta"},"content":{"rendered":"<p>O micro-ondas \u00e9 um dos eletrodom\u00e9sticos mais usados nas casas brasileiras. Pr\u00e1tico e r\u00e1pido, ele facilita o preparo de refei\u00e7\u00f5es, o aquecimento de alimentos e bebidas e at\u00e9 o descongelamento de carnes. Mas, como qualquer outro aparelho, est\u00e1 sujeito a falhas e defeitos ao longo do tempo. Um dos problemas mais comuns relatados por usu\u00e1rios \u00e9 quando o <strong>prato do micro-ondas gira normalmente, mas ele n\u00e3o esquenta o alimento<\/strong>. Esse \u00e9 um claro sinal de que algo n\u00e3o est\u00e1 funcionando como deveria internamente, e \u00e9 essencial procurar um servi\u00e7o de confian\u00e7a para diagn\u00f3stico e reparo.<\/p>\n<p>Se voc\u00ea est\u00e1 enfrentando essa situa\u00e7\u00e3o, saiba que a empresa <a href=\"https:\/\/eluxfrio.com.br\/sao-paulo\/\"><strong>Eluxfrio SP<\/strong><\/a> oferece o servi\u00e7o de <a href=\"https:\/\/eluxfrio.com.br\/sao-paulo\/conserto-de-microondas\/\"><strong>Conserto de micro-ondas em SP<\/strong><\/a> com rapidez, efici\u00eancia e t\u00e9cnicos especializados. A seguir, vamos explicar por que esse problema acontece, quais podem ser as causas mais prov\u00e1veis e como a <a href=\"https:\/\/eluxfrio.com.br\/sao-paulo\/\"><strong>Eluxfrio SP<\/strong><\/a> pode te ajudar.<\/p>\n<h2 style=\"text-align: center;\"><strong>Por que o prato gira e o micro-ondas n\u00e3o esquenta?<\/strong><\/h2>\n<p>O funcionamento de um micro-ondas envolve diversas partes, e o simples fato de o prato estar girando n\u00e3o significa que o aparelho est\u00e1 operando corretamente. O prato gira porque est\u00e1 conectado a um pequeno motor que continua funcionando mesmo quando h\u00e1 falhas internas mais graves.<\/p>\n<p>A principal fun\u00e7\u00e3o de aquecer o alimento vem do magnetron, um componente respons\u00e1vel por gerar as micro-ondas que aquecem e cozinham os alimentos. Quando o magnetron est\u00e1 com defeito, o prato pode continuar girando, mas o micro-ondas n\u00e3o vai esquentar nada.<\/p>\n<h2 style=\"text-align: center;\"><strong>Principais causas para esse problema<\/strong><\/h2>\n<p>Veja a seguir algumas das causas mais comuns que podem estar por tr\u00e1s desse defeito e que exigem <a href=\"https:\/\/eluxfrio.com.br\/sao-paulo\/conserto-de-microondas\/\"><strong>Conserto de micro-ondas<\/strong><\/a>:<\/p>\n<h3><strong>1. Magnetron queimado<\/strong><\/h3>\n<p>Como mencionado, o magnetron \u00e9 o cora\u00e7\u00e3o do micro-ondas. Quando ele est\u00e1 queimado ou desgastado, n\u00e3o h\u00e1 gera\u00e7\u00e3o de micro-ondas, e por isso o alimento n\u00e3o aquece. Esse \u00e9 um dos defeitos mais comuns em micro-ondas com mais tempo de uso ou que foram sobrecarregados.<\/p>\n<h3><strong>2. Diodo de alta tens\u00e3o danificado<\/strong><\/h3>\n<p>O diodo \u00e9 respons\u00e1vel por transformar a corrente alternada em corrente cont\u00ednua e fornecer a voltagem necess\u00e1ria ao magnetron. Se ele estiver danificado, o magnetron n\u00e3o funciona adequadamente, e o micro-ondas n\u00e3o aquece, mesmo que o prato gire normalmente.<\/p>\n<h3><strong>3. Capacitor com defeito<\/strong><\/h3>\n<p>O capacitor trabalha em conjunto com o diodo e o transformador de alta tens\u00e3o. Quando ele apresenta defeito, compromete todo o sistema de gera\u00e7\u00e3o de calor do micro-ondas.<\/p>\n<h3><strong>4. Problemas no transformador<\/strong><\/h3>\n<p>Se o transformador de alta tens\u00e3o estiver queimado ou com mau funcionamento, o magnetron n\u00e3o recebe energia suficiente para funcionar.<\/p>\n<h3><strong>5. Problemas el\u00e9tricos ou na placa eletr\u00f4nica<\/strong><\/h3>\n<p>Um curto-circuito, soldas frias ou componentes eletr\u00f4nicos queimados na placa do micro-ondas tamb\u00e9m podem afetar o aquecimento. \u00c0s vezes, apenas um componente precisa ser substitu\u00eddo para que tudo volte a funcionar corretamente.<\/p>\n<h2 style=\"text-align: center;\"><strong>A import\u00e2ncia de contar com uma Assist\u00eancia T\u00e9cnica micro-ondas<\/strong><\/h2>\n<p>Diante desse tipo de problema, \u00e9 fundamental n\u00e3o tentar consertar por conta pr\u00f3pria, pois o micro-ondas trabalha com alta tens\u00e3o, mesmo desligado da tomada. \u00c9 poss\u00edvel sofrer choques graves, o que coloca em risco sua seguran\u00e7a.<\/p>\n<p>\u00c9 a\u00ed que entra o papel da <a href=\"https:\/\/eluxfrio.com.br\/sao-paulo\/\"><strong>Eluxfrio SP<\/strong><\/a>, com anos de experi\u00eancia no mercado, a empresa oferece <a href=\"https:\/\/eluxfrio.com.br\/sao-paulo\/conserto-de-microondas\/\"><strong>Assist\u00eancia T\u00e9cnica micro-ondas<\/strong><\/a> para diversos modelos e marcas, como <a href=\"https:\/\/eluxfrio.com.br\/sao-paulo\/assistencia-tecnica-electrolux\/\"><strong>Electrolux<\/strong><\/a>, <a href=\"https:\/\/eluxfrio.com.br\/sao-paulo\/assistencia-tecnica-lg\/\"><strong>LG<\/strong><\/a>, <a href=\"https:\/\/eluxfrio.com.br\/sao-paulo\/assistencia-tecnica-brastemp\/\"><strong>Brastemp<\/strong><\/a>, <strong>Panasonic<\/strong>, <a href=\"https:\/\/eluxfrio.com.br\/sao-paulo\/assistencia-tecnica-consul\/\"><strong>Consul<\/strong><\/a>, entre outros. O atendimento \u00e9 realizado por profissionais capacitados, que realizam desde o diagn\u00f3stico preciso at\u00e9 o <strong>conserto completo do equipamento<\/strong>.<\/p>\n<h2 style=\"text-align: center;\"><strong>Eluxfrio SP: refer\u00eancia em Conserto de micro-ondas em SP<\/strong><\/h2>\n<p>A <a href=\"https:\/\/eluxfrio.com.br\/sao-paulo\/\"><strong>Eluxfrio SP<\/strong><\/a> \u00e9 uma empresa especializada em <a href=\"https:\/\/eluxfrio.com.br\/sao-paulo\/conserto-de-eletrodomestico-sao-paulo\/\"><strong>Conserto de eletrodom\u00e9stico<\/strong><\/a> e est\u00e1 preparada para te atender com qualidade e agilidade. Quando se trata de micro-ondas que n\u00e3o esquenta, os t\u00e9cnicos da <a href=\"https:\/\/eluxfrio.com.br\/sao-paulo\/\"><strong>Eluxfrio SP<\/strong> <\/a>realizam uma an\u00e1lise completa dos seguintes pontos:<\/p>\n<ul>\n<li>Verifica\u00e7\u00e3o do magnetron, diodo e capacitor;<\/li>\n<li>Testes no transformador e placa eletr\u00f4nica;<\/li>\n<li>Revis\u00e3o completa do sistema de aquecimento;<\/li>\n<li>Limpeza interna do aparelho;<\/li>\n<li>Troca de pe\u00e7as defeituosas com componentes originais;<\/li>\n<li>Testes finais de funcionamento e seguran\u00e7a.<\/li>\n<\/ul>\n<p>Al\u00e9m disso, a empresa atua com atendimento em domic\u00edlio, ideal para quem tem uma rotina corrida e n\u00e3o pode ficar sem o aparelho funcionando. A <a href=\"https:\/\/eluxfrio.com.br\/sao-paulo\/\"><strong>Eluxfrio SP<\/strong><\/a> preza pela transpar\u00eancia no or\u00e7amento e oferece <strong>90 dias de garantia nos servi\u00e7os executados<\/strong>.<\/p>\n<h3 style=\"text-align: center;\"><strong>Quando procurar o conserto de eletrodom\u00e9stico?<\/strong><\/h3>\n<p>Se o seu micro-ondas apresenta qualquer dos seguintes sintomas, n\u00e3o espere o problema se agravar:<\/p>\n<ul>\n<li>Prato gira, mas o alimento n\u00e3o aquece;<\/li>\n<li>O aparelho liga, mas n\u00e3o faz barulho de funcionamento interno;<\/li>\n<li>Cheiro de queimado ou ru\u00eddos estranhos ao ligar;<\/li>\n<li>Desligamento repentino durante o uso;<\/li>\n<li>Painel funcionando, mas sem aquecimento.<\/li>\n<\/ul>\n<p>Todos esses sinais indicam que algo est\u00e1 errado com o funcionamento interno do equipamento e que voc\u00ea precisa de uma <strong><a href=\"https:\/\/eluxfrio.com.br\/sao-paulo\/assistencia-tecnica-sp\/\">Assist\u00eancia T\u00e9cnica<\/a> especializada<\/strong>.<\/p>\n<h3 style=\"text-align: center;\"><strong>N\u00e3o corra riscos: confie em quem entende do assunto<\/strong><\/h3>\n<p>O micro-ondas \u00e9 um aparelho essencial no dia a dia, e quando para de funcionar, causa transtornos. Se o seu micro-ondas apresenta o problema em que o <strong>prato gira, mas n\u00e3o esquenta<\/strong>, n\u00e3o perca tempo com tentativas de adivinha\u00e7\u00e3o.<\/p>\n<p><a href=\"https:\/\/api.whatsapp.com\/send?phone=551127701103&amp;text=Preciso%20de%20uma%20Assist%C3%AAncia%20T%C3%A9cnica%20para%20o%20meu%20Eletrodom%C3%A9stico...\"><strong>Conte com uma empresa confi\u00e1vel como a Eluxfrio SP, refer\u00eancia em Conserto de micro-ondas em SP e em diversos outros tipos de Conserto de eletrodom\u00e9stico.<\/strong><\/a><\/p>\n","protected":false},"excerpt":{"rendered":"<p>O micro-ondas \u00e9 um dos eletrodom\u00e9sticos mais usados nas casas brasileiras. Pr\u00e1tico e r\u00e1pido, ele facilita o preparo de refei\u00e7\u00f5es, o aquecimento de alimentos e bebidas e at\u00e9 o descongelamento de carnes. Mas, como qualquer outro aparelho, est\u00e1 sujeito a falhas e defeitos ao longo do tempo. Um dos problemas mais comuns relatados por usu\u00e1rios [&hellip;]<\/p>\n","protected":false},"author":1,"featured_media":4400,"comment_status":"open","ping_status":"open","sticky":false,"template":"","format":"standard","meta":[],"categories":[53],"tags":[],"yst_prominent_words":[],"_links":{"self":[{"href":"https:\/\/eluxfrio.com.br\/sao-paulo\/wp-json\/wp\/v2\/posts\/4378"}],"collection":[{"href":"https:\/\/eluxfrio.com.br\/sao-paulo\/wp-json\/wp\/v2\/posts"}],"about":[{"href":"https:\/\/eluxfrio.com.br\/sao-paulo\/wp-json\/wp\/v2\/types\/post"}],"author":[{"embeddable":true,"href":"https:\/\/eluxfrio.com.br\/sao-paulo\/wp-json\/wp\/v2\/users\/1"}],"replies":[{"embeddable":true,"href":"https:\/\/eluxfrio.com.br\/sao-paulo\/wp-json\/wp\/v2\/comments?post=4378"}],"version-history":[{"count":0,"href":"https:\/\/eluxfrio.com.br\/sao-paulo\/wp-json\/wp\/v2\/posts\/4378\/revisions"}],"wp:featuredmedia":[{"embeddable":true,"href":"https:\/\/eluxfrio.com.br\/sao-paulo\/wp-json\/wp\/v2\/media\/4400"}],"wp:attachment":[{"href":"https:\/\/eluxfrio.com.br\/sao-paulo\/wp-json\/wp\/v2\/media?parent=4378"}],"wp:term":[{"taxonomy":"category","embeddable":true,"href":"https:\/\/eluxfrio.com.br\/sao-paulo\/wp-json\/wp\/v2\/categories?post=4378"},{"taxonomy":"post_tag","embeddable":true,"href":"https:\/\/eluxfrio.com.br\/sao-paulo\/wp-json\/wp\/v2\/tags?post=4378"},{"taxonomy":"yst_prominent_words","embeddable":true,"href":"https:\/\/eluxfrio.com.br\/sao-paulo\/wp-json\/wp\/v2\/yst_prominent_words?post=4378"}],"curies":[{"name":"wp","href":"https:\/\/api.w.org\/{rel}","templated":true}]}}